{"id":7470,"date":"2023-07-21T16:34:54","date_gmt":"2023-07-21T14:34:54","guid":{"rendered":"https:\/\/125-oberschule.de\/?p=7470"},"modified":"2023-07-24T09:03:47","modified_gmt":"2023-07-24T07:03:47","slug":"bildungsreise-krakau","status":"publish","type":"post","link":"https:\/\/125-oberschule.de\/?p=7470","title":{"rendered":"Bildungsreise Krakau"},"content":{"rendered":"\n<p>Einmal im Jahr f\u00fchren wir f\u00fcr die Sch\u00fcler der Klasse 9 eine Bildungsreise nach Krakau durch. Innerhalb dieser Reise halten die Sch\u00fcler Vortr\u00e4ge, besuchen historische Orte und f\u00fchren Zeitzeugengespr\u00e4che durch. Ein Besuch des nahen Vernichtungslagers Auschwitz- Birkenau steht dabei ebenfalls auf dem Programm. <\/p>\n\n\n\n<p>Im Vorfeld findet in der Schule und an historischen Orten eine Vorbereitungswoche f\u00fcr diese Reise statt.   <\/p>\n\n\n\n<figure class=\"wp-block-gallery has-nested-images columns-2 is-cropped wp-block-gallery-1 is-layout-flex wp-block-gallery-is-layout-flex\">\n<figure class=\"wp-block-image size-medium\"><img loading=\"lazy\" decoding=\"async\" width=\"300\" height=\"225\" data-id=\"157\" src=\"https:\/\/125-oberschule.de\/wp-content\/uploads\/2018\/12\/DSC05439-300x225.jpg\" alt=\"Bildungsreise Krakau\" class=\"wp-image-157\" srcset=\"https:\/\/125-oberschule.de\/wp-content\/uploads\/2018\/12\/DSC05439-300x225.jpg 300w, https:\/\/125-oberschule.de\/wp-content\/uploads\/2018\/12\/DSC05439-768x576.jpg 768w, https:\/\/125-oberschule.de\/wp-content\/uploads\/2018\/12\/DSC05439-1024x768.jpg 1024w, https:\/\/125-oberschule.de\/wp-content\/uploads\/2018\/12\/DSC05439.jpg 1600w\" sizes=\"auto, (max-width: 300px) 100vw, 300px\" \/><\/figure>\n\n\n\n<figure class=\"wp-block-image size-medium\"><img loading=\"lazy\" decoding=\"async\" width=\"300\" height=\"225\" data-id=\"7553\" src=\"https:\/\/125-oberschule.de\/wp-content\/uploads\/2023\/07\/IMG_0021-300x225.jpeg\" alt=\"Bildungsreise Krakau\" class=\"wp-image-7553\" srcset=\"https:\/\/125-oberschule.de\/wp-content\/uploads\/2023\/07\/IMG_0021-300x225.jpeg 300w, https:\/\/125-oberschule.de\/wp-content\/uploads\/2023\/07\/IMG_0021-1536x1152.jpeg 1536w, https:\/\/125-oberschule.de\/wp-content\/uploads\/2023\/07\/IMG_0021-2048x1536.jpeg 2048w, https:\/\/125-oberschule.de\/wp-content\/uploads\/2023\/07\/IMG_0021-768x576.jpeg 768w, https:\/\/125-oberschule.de\/wp-content\/uploads\/2023\/07\/IMG_0021-1024x768.jpeg 1024w\" sizes=\"auto, (max-width: 300px) 100vw, 300px\" \/><\/figure>\n\n\n\n<figure class=\"wp-block-image size-medium\"><img loading=\"lazy\" decoding=\"async\" width=\"300\" height=\"225\" data-id=\"1284\" src=\"https:\/\/125-oberschule.de\/wp-content\/uploads\/2019\/10\/C37F74C7-04CE-45FB-9AC1-A729E250D376-300x225.jpeg\" alt=\"Bildungsreise Krakau\" class=\"wp-image-1284\" srcset=\"https:\/\/125-oberschule.de\/wp-content\/uploads\/2019\/10\/C37F74C7-04CE-45FB-9AC1-A729E250D376-300x225.jpeg 300w, https:\/\/125-oberschule.de\/wp-content\/uploads\/2019\/10\/C37F74C7-04CE-45FB-9AC1-A729E250D376-768x576.jpeg 768w, https:\/\/125-oberschule.de\/wp-content\/uploads\/2019\/10\/C37F74C7-04CE-45FB-9AC1-A729E250D376-1024x768.jpeg 1024w, https:\/\/125-oberschule.de\/wp-content\/uploads\/2019\/10\/C37F74C7-04CE-45FB-9AC1-A729E250D376.jpeg 1600w\" sizes=\"auto, (max-width: 300px) 100vw, 300px\" \/><\/figure>\n\n\n\n<figure class=\"wp-block-image size-medium\"><img loading=\"lazy\" decoding=\"async\" width=\"300\" height=\"225\" data-id=\"118\" src=\"https:\/\/125-oberschule.de\/wp-content\/uploads\/2018\/12\/IMG_3348-1-300x225.jpeg\" alt=\"Bildungsreise Krakau\" class=\"wp-image-118\" srcset=\"https:\/\/125-oberschule.de\/wp-content\/uploads\/2018\/12\/IMG_3348-1-300x225.jpeg 300w, https:\/\/125-oberschule.de\/wp-content\/uploads\/2018\/12\/IMG_3348-1-768x576.jpeg 768w, https:\/\/125-oberschule.de\/wp-content\/uploads\/2018\/12\/IMG_3348-1-1024x768.jpeg 1024w, https:\/\/125-oberschule.de\/wp-content\/uploads\/2018\/12\/IMG_3348-1.jpeg 1600w\" sizes=\"auto, (max-width: 300px) 100vw, 300px\" \/><\/figure>\n\n\n\n<figure class=\"wp-block-image size-medium\"><img loading=\"lazy\" decoding=\"async\" width=\"300\" height=\"225\" data-id=\"1333\" src=\"https:\/\/125-oberschule.de\/wp-content\/uploads\/2019\/10\/345AEFBE-118D-4736-971A-E89473DC9416-300x225.jpeg\" alt=\"Bildungsreise Krakau\" class=\"wp-image-1333\" srcset=\"https:\/\/125-oberschule.de\/wp-content\/uploads\/2019\/10\/345AEFBE-118D-4736-971A-E89473DC9416-300x225.jpeg 300w, https:\/\/125-oberschule.de\/wp-content\/uploads\/2019\/10\/345AEFBE-118D-4736-971A-E89473DC9416-768x576.jpeg 768w, https:\/\/125-oberschule.de\/wp-content\/uploads\/2019\/10\/345AEFBE-118D-4736-971A-E89473DC9416-1024x768.jpeg 1024w, https:\/\/125-oberschule.de\/wp-content\/uploads\/2019\/10\/345AEFBE-118D-4736-971A-E89473DC9416.jpeg 1600w\" sizes=\"auto, (max-width: 300px) 100vw, 300px\" \/><figcaption class=\"wp-element-caption\">Fotos by HW<\/figcaption><\/figure>\n<\/figure>\n","protected":false},"excerpt":{"rendered":"<p>Einmal im Jahr f\u00fchren wir f\u00fcr die Sch\u00fcler der Klasse 9 eine Bildungsreise nach Krakau durch. Innerhalb dieser Reise halten die Sch\u00fcler Vortr\u00e4ge, besuchen historische Orte und f\u00fchren Zeitzeugengespr\u00e4che durch. Ein Besuch des nahen Vernichtungslagers Auschwitz- Birkenau steht dabei ebenfalls auf dem Programm. Im Vorfeld findet in der Schule und an historischen Orten eine Vorbereitungswoche &hellip; <\/p>\n<p class=\"link-more\"><a href=\"https:\/\/125-oberschule.de\/?p=7470\" class=\"more-link\"><span class=\"screen-reader-text\">\u201eBildungsreise Krakau\u201c <\/span>weiterlesen<\/a><\/p>\n","protected":false},"author":4,"featured_media":0,"comment_status":"closed","ping_status":"closed","sticky":false,"template":"","format":"standard","meta":{"_eb_attr":"","om_disable_all_campaigns":false,"footnotes":""},"categories":[18],"tags":[],"class_list":["post-7470","post","type-post","status-publish","format-standard","hentry","category-reise"],"_links":{"self":[{"href":"https:\/\/125-oberschule.de\/index.php?rest_route=\/wp\/v2\/posts\/7470","targetHints":{"allow":["GET"]}}],"collection":[{"href":"https:\/\/125-oberschule.de\/index.php?rest_route=\/wp\/v2\/posts"}],"about":[{"href":"https:\/\/125-oberschule.de\/index.php?rest_route=\/wp\/v2\/types\/post"}],"author":[{"embeddable":true,"href":"https:\/\/125-oberschule.de\/index.php?rest_route=\/wp\/v2\/users\/4"}],"replies":[{"embeddable":true,"href":"https:\/\/125-oberschule.de\/index.php?rest_route=%2Fwp%2Fv2%2Fcomments&post=7470"}],"version-history":[{"count":8,"href":"https:\/\/125-oberschule.de\/index.php?rest_route=\/wp\/v2\/posts\/7470\/revisions"}],"predecessor-version":[{"id":7556,"href":"https:\/\/125-oberschule.de\/index.php?rest_route=\/wp\/v2\/posts\/7470\/revisions\/7556"}],"wp:attachment":[{"href":"https:\/\/125-oberschule.de\/index.php?rest_route=%2Fwp%2Fv2%2Fmedia&parent=7470"}],"wp:term":[{"taxonomy":"category","embeddable":true,"href":"https:\/\/125-oberschule.de\/index.php?rest_route=%2Fwp%2Fv2%2Fcategories&post=7470"},{"taxonomy":"post_tag","embeddable":true,"href":"https:\/\/125-oberschule.de\/index.php?rest_route=%2Fwp%2Fv2%2Ftags&post=7470"}],"curies":[{"name":"wp","href":"https:\/\/api.w.org\/{rel}","templated":true}]}}