{"id":8117,"date":"2025-11-16T18:59:30","date_gmt":"2025-11-16T17:59:30","guid":{"rendered":"https:\/\/125-oberschule.de\/?p=8117"},"modified":"2026-02-09T13:35:55","modified_gmt":"2026-02-09T12:35:55","slug":"anmeldung-klasse-5-fuer-das-schuljahr-2024-25","status":"publish","type":"post","link":"https:\/\/125-oberschule.de\/?p=8117","title":{"rendered":"Anmeldung Klasse 5 f\u00fcr das Schuljahr 2026\/27"},"content":{"rendered":"\n<p><strong><u>Anmeldeverfahren Klassenstufe 5 &#8211;&nbsp;&nbsp;Schuljahr 2026\/27<\/u><\/strong><\/p>\n\n\n\n<p>Sie k\u00f6nnen Ihr Kind vom&nbsp;<strong>06.02.&nbsp;&nbsp;\u2013 27.02.2026&nbsp;<\/strong>an unserer Oberschule anmelden.&nbsp;<\/p>\n\n\n\n<p>Die Anmeldung erfolgt postalisch oder pers\u00f6nlich, bei pers\u00f6nlichem Einwurf in den Briefkasten der Oberschule, Heinrichstra\u00dfe 45.&nbsp;<\/p>\n\n\n\n<p>Beachten Sie bitte, dass w\u00e4hrend der Winterferien vom 12.02. \u2013 20.02.2026 das Sekretariat der Oberschule nicht dauerhaft besetzt ist.<\/p>\n\n\n\n<p>Folgende Termine bieten wir den Eltern zur \u201epers\u00f6nlichen Abgabe\u201c der Schulanmeldung 5. Klasse an:<\/p>\n\n\n\n<ul class=\"wp-block-list\">\n<li><strong>Tag der offenen T\u00fcr<\/strong><\/li>\n<\/ul>\n\n\n\n<p>&nbsp;Freitag, 06.02.2026 &#8211; 15.00 &#8211; 18.00 Uhr&nbsp;<\/p>\n\n\n\n<ul class=\"wp-block-list\">\n<li><strong>In den Schulferien<\/strong>:&nbsp;<\/li>\n<\/ul>\n\n\n\n<p>&nbsp;&nbsp;&nbsp;&nbsp;&nbsp;&nbsp;&nbsp;&nbsp;&nbsp;&nbsp;&nbsp;Montag, 09.02.2026&nbsp;&nbsp;&nbsp;&#8211; 09.00 &#8211; 14.00 Uhr<\/p>\n\n\n\n<p>&nbsp;&nbsp;&nbsp;&nbsp;&nbsp;&nbsp;&nbsp;&nbsp;&nbsp;&nbsp;&nbsp;Dienstag, 10.02.2026 &#8211; 10.00 &#8211; 18.00 Uhr<\/p>\n\n\n\n<p>&nbsp;&nbsp;&nbsp;&nbsp;&nbsp;&nbsp;&nbsp;&nbsp;&nbsp;&nbsp;&nbsp;Mittwoch, 11.02.2026 &#8211; 09.00 &#8211; 13.00 Uhr<\/p>\n\n\n\n<ul class=\"wp-block-list\">\n<li>&nbsp;Vom 23. \u2013 27.02.2026 kann die Schulanmeldung \/ pers\u00f6nliche Abgabe w\u00e4hrend&nbsp;&nbsp;&nbsp;<\/li>\n<\/ul>\n\n\n\n<p>&nbsp;der regul\u00e4ren \u00d6ffnungszeiten des Sekretariats stattfinden.&nbsp;<\/p>\n\n\n\n<p>&nbsp;Diese sind t\u00e4glich von 8 bis 15 Uhr.<\/p>\n\n\n\n<p>Sollten Sie nicht zu diesen Zeiten kommen k\u00f6nnen, es aber dennoch pers\u00f6nlich abgeben wollen, gerne mit Termin nach telefonischer Absprache unter 0341\/649330.<\/p>\n\n\n\n<p><strong><u>Checkliste Unterlagen zur Anmeldung der 5. Klassen<\/u><\/strong><strong><u><\/u><\/strong><\/p>\n\n\n\n<p><strong>im Original:<\/strong><\/p>\n\n\n\n<ul class=\"wp-block-list\">\n<li>vollst\u00e4ndig ausgef\u00fclltes gelbes Formblatt&nbsp;<\/li>\n<\/ul>\n\n\n\n<p><em>\u201eAntrag auf Aufnahme in die Klassenstufe 5 zum Schuljahr 2026\/2027\u201c&nbsp;<\/em><\/p>\n\n\n\n<ul class=\"wp-block-list\">\n<li>Bildungsempfehlung<\/li>\n<\/ul>\n\n\n\n<p><strong>in Kopie:<\/strong><\/p>\n\n\n\n<ul class=\"wp-block-list\">\n<li>Halbjahreszeugnis der Klasse 4<\/li>\n\n\n\n<li>Geburtsurkunde oder Identit\u00e4tsnachweis<\/li>\n\n\n\n<li>ggf. Anlage: Angaben f\u00fcr Sch\u00fclerInnen mit festgestelltem sonder-p\u00e4dagogischem F\u00f6rderbedarf&nbsp;<\/li>\n\n\n\n<li>ggf. Nachweis f\u00fcr Alleinsorgeberechtigung \/ Negativbescheinigung<\/li>\n<\/ul>\n\n\n\n<p>Bitte achten Sie darauf, dass alle Unterlagen korrekt und vollst\u00e4ndig sind.<\/p>\n\n\n\n<p><strong><u>Kriterien f\u00fcr das Auswahlverfahren zur Aufnahme<\/u><\/strong><\/p>\n\n\n\n<p>F\u00fcr die Aufnahme der Sch\u00fcler wurden folgende Auswahlkriterien festgelegt:<\/p>\n\n\n\n<ul class=\"wp-block-list\">\n<li><strong>H\u00e4rtef\u00e4lle&nbsp;<\/strong><\/li>\n<\/ul>\n\n\n\n<p>&nbsp;&nbsp;&nbsp;&nbsp;&nbsp;&nbsp;&nbsp;&nbsp;&nbsp;&nbsp;Vorliegen schwerwiegender gesundheitlicher Beeintr\u00e4chtigungen mit&nbsp;&nbsp;&nbsp;<\/p>\n\n\n\n<p>&nbsp;&nbsp;&nbsp;&nbsp;&nbsp;&nbsp;&nbsp;&nbsp;&nbsp;&nbsp;\u00e4rztlicher Bescheinigung, z.B. Gehbehinderung, Diabetes&nbsp;<\/p>\n\n\n\n<p>&nbsp;&nbsp;&nbsp;&nbsp;&nbsp;&nbsp;&nbsp;&nbsp;&nbsp;&nbsp;(eng umgrenzte H\u00e4rtef\u00e4lle werden vorrangig ber\u00fccksichtigt)<\/p>\n\n\n\n<ul class=\"wp-block-list\">\n<li><strong>Geschwisterkinder&nbsp;<\/strong><\/li>\n<\/ul>\n\n\n\n<p>Sch\u00fcler\/innen, deren Geschwister zum Zeitpunkt des Schuljahresbeginns unsere Schule besuchen<\/p>\n\n\n\n<ul class=\"wp-block-list\">\n<li><strong>Entfernung zwischen der Schule und der Wohnung<\/strong><\/li>\n<\/ul>\n\n\n\n<p>&nbsp;&nbsp;&nbsp;&nbsp;&nbsp;&nbsp;&nbsp;&nbsp;&nbsp;&nbsp;L\u00e4nge des Schulwegs in Metern&nbsp;<\/p>\n\n\n\n<p><strong>Die Bescheide gehen Ihnen schriftlich bis zum&nbsp;<\/strong><strong>22.05.2026&nbsp;<\/strong><strong>zu.<\/strong><\/p>\n","protected":false},"excerpt":{"rendered":"<p>Anmeldeverfahren Klassenstufe 5 &#8211;&nbsp;&nbsp;Schuljahr 2026\/27 Sie k\u00f6nnen Ihr Kind vom&nbsp;06.02.&nbsp;&nbsp;\u2013 27.02.2026&nbsp;an unserer Oberschule anmelden.&nbsp; Die Anmeldung erfolgt postalisch oder pers\u00f6nlich, bei pers\u00f6nlichem Einwurf in den Briefkasten der Oberschule, Heinrichstra\u00dfe 45.&nbsp; Beachten Sie bitte, dass w\u00e4hrend der Winterferien vom 12.02. \u2013 20.02.2026 das Sekretariat der Oberschule nicht dauerhaft besetzt ist. Folgende Termine bieten wir den Eltern &hellip; <\/p>\n<p class=\"link-more\"><a href=\"https:\/\/125-oberschule.de\/?p=8117\" class=\"more-link\"><span class=\"screen-reader-text\">\u201eAnmeldung Klasse 5 f\u00fcr das Schuljahr 2026\/27\u201c <\/span>weiterlesen<\/a><\/p>\n","protected":false},"author":1,"featured_media":0,"comment_status":"closed","ping_status":"closed","sticky":false,"template":"","format":"standard","meta":{"_eb_attr":"","om_disable_all_campaigns":false,"footnotes":""},"categories":[1,16],"tags":[],"class_list":["post-8117","post","type-post","status-publish","format-standard","hentry","category-allgemein","category-schulleitungsnews"],"_links":{"self":[{"href":"https:\/\/125-oberschule.de\/index.php?rest_route=\/wp\/v2\/posts\/8117","targetHints":{"allow":["GET"]}}],"collection":[{"href":"https:\/\/125-oberschule.de\/index.php?rest_route=\/wp\/v2\/posts"}],"about":[{"href":"https:\/\/125-oberschule.de\/index.php?rest_route=\/wp\/v2\/types\/post"}],"author":[{"embeddable":true,"href":"https:\/\/125-oberschule.de\/index.php?rest_route=\/wp\/v2\/users\/1"}],"replies":[{"embeddable":true,"href":"https:\/\/125-oberschule.de\/index.php?rest_route=%2Fwp%2Fv2%2Fcomments&post=8117"}],"version-history":[{"count":9,"href":"https:\/\/125-oberschule.de\/index.php?rest_route=\/wp\/v2\/posts\/8117\/revisions"}],"predecessor-version":[{"id":9816,"href":"https:\/\/125-oberschule.de\/index.php?rest_route=\/wp\/v2\/posts\/8117\/revisions\/9816"}],"wp:attachment":[{"href":"https:\/\/125-oberschule.de\/index.php?rest_route=%2Fwp%2Fv2%2Fmedia&parent=8117"}],"wp:term":[{"taxonomy":"category","embeddable":true,"href":"https:\/\/125-oberschule.de\/index.php?rest_route=%2Fwp%2Fv2%2Fcategories&post=8117"},{"taxonomy":"post_tag","embeddable":true,"href":"https:\/\/125-oberschule.de\/index.php?rest_route=%2Fwp%2Fv2%2Ftags&post=8117"}],"curies":[{"name":"wp","href":"https:\/\/api.w.org\/{rel}","templated":true}]}}