{"id":8176,"date":"2024-03-12T09:22:08","date_gmt":"2024-03-12T08:22:08","guid":{"rendered":"https:\/\/125-oberschule.de\/?p=8176"},"modified":"2024-07-22T16:45:45","modified_gmt":"2024-07-22T14:45:45","slug":"bildungsreise-2024-krakau","status":"publish","type":"post","link":"https:\/\/125-oberschule.de\/?p=8176","title":{"rendered":"Bildungsreise 2024 Krakau 2023\/24"},"content":{"rendered":"\n<p class=\"has-large-font-size\"><strong>Tag 1<\/strong><\/p>\n\n\n\n<p>Der erste Tag f\u00fchrte uns in das J\u00fcdische Viertel von Krakau. Wir besichtigten die Remuh- Synagoge und den dazugeh\u00f6rigen Friedhof. Bei der Exkursion folgten wir den Spuren von Tosia. Im Anschluss hatten wir ein Zeitzeugengespr\u00e4ch mit Monika Goldwasser, die uns mit ihrer Geschichte fesselte. <\/p>\n\n\n\n<figure class=\"wp-block-image size-large is-resized\"><img loading=\"lazy\" decoding=\"async\" width=\"1024\" height=\"768\" src=\"https:\/\/125-oberschule.de\/wp-content\/uploads\/2024\/03\/IMG_0699-1024x768.jpeg\" alt=\"Bildungsreise 2024 Krakau 2023\/24\" class=\"wp-image-8178\" style=\"width:734px;height:auto\" srcset=\"https:\/\/125-oberschule.de\/wp-content\/uploads\/2024\/03\/IMG_0699-1024x768.jpeg 1024w, https:\/\/125-oberschule.de\/wp-content\/uploads\/2024\/03\/IMG_0699-1536x1152.jpeg 1536w, https:\/\/125-oberschule.de\/wp-content\/uploads\/2024\/03\/IMG_0699-2048x1536.jpeg 2048w, https:\/\/125-oberschule.de\/wp-content\/uploads\/2024\/03\/IMG_0699-300x225.jpeg 300w, https:\/\/125-oberschule.de\/wp-content\/uploads\/2024\/03\/IMG_0699-768x576.jpeg 768w\" sizes=\"auto, (max-width: 706px) 89vw, (max-width: 767px) 82vw, 740px\" \/><\/figure>\n\n\n\n<p class=\"has-large-font-size\"><strong>Tag 2<\/strong><\/p>\n\n\n\n<p>Heute wurden die ersten Vortr\u00e4ge gehalten, dabei erfuhren wir Interessantes \u00fcber den Platz der Helden des Ghettos sowie \u00fcber Schindlers Fabrik. Nach dem Vortrag ging es in die Fabrik. In der Ausstellung l\u00f6sten wir verschiedene Aufgaben und sammlten Stempel aus der NS-Zeit Krakaus. <\/p>\n\n\n\n<figure class=\"wp-block-gallery has-nested-images columns-default is-cropped wp-block-gallery-1 is-layout-flex wp-block-gallery-is-layout-flex\">\n<figure class=\"wp-block-image size-large\"><img loading=\"lazy\" decoding=\"async\" width=\"1024\" height=\"768\" data-id=\"8182\" src=\"https:\/\/125-oberschule.de\/wp-content\/uploads\/2024\/03\/IMG_0703-1024x768.jpeg\" alt=\"Bildungsreise 2024 Krakau 2023\/24\" class=\"wp-image-8182\" srcset=\"https:\/\/125-oberschule.de\/wp-content\/uploads\/2024\/03\/IMG_0703-1024x768.jpeg 1024w, https:\/\/125-oberschule.de\/wp-content\/uploads\/2024\/03\/IMG_0703-1536x1152.jpeg 1536w, https:\/\/125-oberschule.de\/wp-content\/uploads\/2024\/03\/IMG_0703-2048x1536.jpeg 2048w, https:\/\/125-oberschule.de\/wp-content\/uploads\/2024\/03\/IMG_0703-300x225.jpeg 300w, https:\/\/125-oberschule.de\/wp-content\/uploads\/2024\/03\/IMG_0703-768x576.jpeg 768w\" sizes=\"auto, (max-width: 706px) 89vw, (max-width: 767px) 82vw, 740px\" \/><\/figure>\n\n\n\n<figure class=\"wp-block-image size-large\"><img loading=\"lazy\" decoding=\"async\" width=\"1024\" height=\"768\" data-id=\"8184\" src=\"https:\/\/125-oberschule.de\/wp-content\/uploads\/2024\/03\/IMG_0708-1024x768.jpeg\" alt=\"Bildungsreise 2024 Krakau 2023\/24\" class=\"wp-image-8184\" srcset=\"https:\/\/125-oberschule.de\/wp-content\/uploads\/2024\/03\/IMG_0708-1024x768.jpeg 1024w, https:\/\/125-oberschule.de\/wp-content\/uploads\/2024\/03\/IMG_0708-1536x1152.jpeg 1536w, https:\/\/125-oberschule.de\/wp-content\/uploads\/2024\/03\/IMG_0708-2048x1536.jpeg 2048w, https:\/\/125-oberschule.de\/wp-content\/uploads\/2024\/03\/IMG_0708-300x225.jpeg 300w, https:\/\/125-oberschule.de\/wp-content\/uploads\/2024\/03\/IMG_0708-768x576.jpeg 768w\" sizes=\"auto, (max-width: 706px) 89vw, (max-width: 767px) 82vw, 740px\" \/><\/figure>\n\n\n\n<figure class=\"wp-block-image size-large\"><img loading=\"lazy\" decoding=\"async\" width=\"2560\" height=\"1920\" data-id=\"8183\" src=\"https:\/\/125-oberschule.de\/wp-content\/uploads\/2024\/03\/IMG_0702-scaled.jpeg\" alt=\"Bildungsreise 2024 Krakau 2023\/24\" class=\"wp-image-8183\" srcset=\"https:\/\/125-oberschule.de\/wp-content\/uploads\/2024\/03\/IMG_0702-scaled.jpeg 2560w, https:\/\/125-oberschule.de\/wp-content\/uploads\/2024\/03\/IMG_0702-1536x1152.jpeg 1536w, https:\/\/125-oberschule.de\/wp-content\/uploads\/2024\/03\/IMG_0702-2048x1536.jpeg 2048w, https:\/\/125-oberschule.de\/wp-content\/uploads\/2024\/03\/IMG_0702-300x225.jpeg 300w, https:\/\/125-oberschule.de\/wp-content\/uploads\/2024\/03\/IMG_0702-768x576.jpeg 768w\" sizes=\"auto, (max-width: 706px) 89vw, (max-width: 767px) 82vw, 740px\" \/><\/figure>\n<\/figure>\n\n\n\n<p>Der Nachmittag stand im Zeichen der Geographie und der Stadt. Wir mussten verschiedene Punkte finden und dort Aufgaben l\u00f6sen. Die digitale Stadtrallye brachte einen Siegerteam hervor. <\/p>\n\n\n\n<p>Am Abend bestand die M\u00f6glichkeit im Park Wodny den Tag ausklingen zu lassen, auf dem R\u00fcckweg durfte ein Besuch im  Restaurant zur goldenen M\u00f6ve nicht fehlen\ud83d\ude0e.<\/p>\n\n\n\n<p class=\"has-large-font-size\"><strong>Tag 3<\/strong><\/p>\n\n\n\n<p>Nach vielen spannenden Vortr\u00e4gen erreichten wir den Wawel. Nach einem weiteren Vortrag zur wechselhaften Geschichte zog es die meisten in die Kathedrale. Mit Hilfe eines Audioguides  ging es durch die Kirche und zur Siegesmund Glocke. In den Grabkammern konnten wir auch ein Blick auf den Sarg von August dem Starken werfen.  Am Nachmittag haben wir uns auf den morgigen Ausflug nach Auschwitz vorbereitet und es war Zeit um nach Souvenirs zu suchen. <\/p>\n\n\n\n<div class=\"wp-block-group has-small-font-size is-nowrap is-layout-flex wp-container-core-group-is-layout-47df1abd wp-block-group-is-layout-flex\" style=\"padding-top:0;padding-right:0;padding-bottom:0;padding-left:0\">\n<figure class=\"wp-block-gallery has-nested-images columns-default is-cropped wp-block-gallery-2 is-layout-flex wp-block-gallery-is-layout-flex\">\n<figure class=\"wp-block-image size-large\"><img loading=\"lazy\" decoding=\"async\" width=\"1024\" height=\"1024\" data-id=\"8195\" src=\"https:\/\/125-oberschule.de\/wp-content\/uploads\/2024\/03\/PHOTO-2024-03-13-12-44-38-1-1024x1024.jpeg\" alt=\"Bildungsreise 2024 Krakau 2023\/24\" class=\"wp-image-8195\" srcset=\"https:\/\/125-oberschule.de\/wp-content\/uploads\/2024\/03\/PHOTO-2024-03-13-12-44-38-1-1024x1024.jpeg 1024w, https:\/\/125-oberschule.de\/wp-content\/uploads\/2024\/03\/PHOTO-2024-03-13-12-44-38-1-150x150.jpeg 150w, https:\/\/125-oberschule.de\/wp-content\/uploads\/2024\/03\/PHOTO-2024-03-13-12-44-38-1-300x300.jpeg 300w, https:\/\/125-oberschule.de\/wp-content\/uploads\/2024\/03\/PHOTO-2024-03-13-12-44-38-1-768x768.jpeg 768w, https:\/\/125-oberschule.de\/wp-content\/uploads\/2024\/03\/PHOTO-2024-03-13-12-44-38-1.jpeg 1280w\" sizes=\"auto, (max-width: 706px) 89vw, (max-width: 767px) 82vw, 740px\" \/><\/figure>\n\n\n\n<figure class=\"wp-block-image size-large\"><img loading=\"lazy\" decoding=\"async\" width=\"1024\" height=\"768\" data-id=\"8196\" src=\"https:\/\/125-oberschule.de\/wp-content\/uploads\/2024\/03\/IMG_0737-1-1024x768.jpeg\" alt=\"Bildungsreise 2024 Krakau 2023\/24\" class=\"wp-image-8196\" srcset=\"https:\/\/125-oberschule.de\/wp-content\/uploads\/2024\/03\/IMG_0737-1-1024x768.jpeg 1024w, https:\/\/125-oberschule.de\/wp-content\/uploads\/2024\/03\/IMG_0737-1-1536x1152.jpeg 1536w, https:\/\/125-oberschule.de\/wp-content\/uploads\/2024\/03\/IMG_0737-1-2048x1536.jpeg 2048w, https:\/\/125-oberschule.de\/wp-content\/uploads\/2024\/03\/IMG_0737-1-300x225.jpeg 300w, https:\/\/125-oberschule.de\/wp-content\/uploads\/2024\/03\/IMG_0737-1-768x576.jpeg 768w\" sizes=\"auto, (max-width: 706px) 89vw, (max-width: 767px) 82vw, 740px\" \/><\/figure>\n\n\n\n<figure class=\"wp-block-image size-large\"><img loading=\"lazy\" decoding=\"async\" width=\"1024\" height=\"768\" data-id=\"8197\" src=\"https:\/\/125-oberschule.de\/wp-content\/uploads\/2024\/03\/IMG_0731-1024x768.jpeg\" alt=\"Bildungsreise 2024 Krakau 2023\/24\" class=\"wp-image-8197\" srcset=\"https:\/\/125-oberschule.de\/wp-content\/uploads\/2024\/03\/IMG_0731-1024x768.jpeg 1024w, https:\/\/125-oberschule.de\/wp-content\/uploads\/2024\/03\/IMG_0731-1536x1152.jpeg 1536w, https:\/\/125-oberschule.de\/wp-content\/uploads\/2024\/03\/IMG_0731-2048x1536.jpeg 2048w, https:\/\/125-oberschule.de\/wp-content\/uploads\/2024\/03\/IMG_0731-300x225.jpeg 300w, https:\/\/125-oberschule.de\/wp-content\/uploads\/2024\/03\/IMG_0731-768x576.jpeg 768w\" sizes=\"auto, (max-width: 706px) 89vw, (max-width: 767px) 82vw, 740px\" \/><\/figure>\n<\/figure>\n<\/div>\n\n\n\n<p class=\"has-large-font-size\"><strong>Tag 4<\/strong><\/p>\n\n\n\n<p>Der heutige Tag f\u00fchrte uns nach Auschwitz. Durch die Gedenkst\u00e4tte f\u00fchrte uns eine sehr nette Frau, sie erkl\u00e4rte uns sehr einf\u00fchlsam die historischen Fakten und Geschichten zum Lager. Zum Ende der Bildungreise ging es noch zum Farewell-Diner. <\/p>\n\n\n\n<figure class=\"wp-block-gallery has-nested-images columns-default is-cropped wp-block-gallery-3 is-layout-flex wp-block-gallery-is-layout-flex\">\n<figure class=\"wp-block-image size-large\"><img loading=\"lazy\" decoding=\"async\" width=\"1024\" height=\"768\" data-id=\"8204\" src=\"https:\/\/125-oberschule.de\/wp-content\/uploads\/2024\/03\/IMG_0768-1024x768.jpeg\" alt=\"Bildungsreise 2024 Krakau 2023\/24\" class=\"wp-image-8204\" srcset=\"https:\/\/125-oberschule.de\/wp-content\/uploads\/2024\/03\/IMG_0768-1024x768.jpeg 1024w, https:\/\/125-oberschule.de\/wp-content\/uploads\/2024\/03\/IMG_0768-1536x1152.jpeg 1536w, https:\/\/125-oberschule.de\/wp-content\/uploads\/2024\/03\/IMG_0768-2048x1536.jpeg 2048w, https:\/\/125-oberschule.de\/wp-content\/uploads\/2024\/03\/IMG_0768-300x225.jpeg 300w, https:\/\/125-oberschule.de\/wp-content\/uploads\/2024\/03\/IMG_0768-768x576.jpeg 768w\" sizes=\"auto, (max-width: 706px) 89vw, (max-width: 767px) 82vw, 740px\" \/><\/figure>\n\n\n\n<figure class=\"wp-block-image size-large\"><img loading=\"lazy\" decoding=\"async\" width=\"1024\" height=\"768\" data-id=\"8202\" src=\"https:\/\/125-oberschule.de\/wp-content\/uploads\/2024\/03\/IMG_0767-1024x768.jpeg\" alt=\"Bildungsreise 2024 Krakau 2023\/24\" class=\"wp-image-8202\" srcset=\"https:\/\/125-oberschule.de\/wp-content\/uploads\/2024\/03\/IMG_0767-1024x768.jpeg 1024w, https:\/\/125-oberschule.de\/wp-content\/uploads\/2024\/03\/IMG_0767-1536x1152.jpeg 1536w, https:\/\/125-oberschule.de\/wp-content\/uploads\/2024\/03\/IMG_0767-2048x1536.jpeg 2048w, https:\/\/125-oberschule.de\/wp-content\/uploads\/2024\/03\/IMG_0767-300x225.jpeg 300w, https:\/\/125-oberschule.de\/wp-content\/uploads\/2024\/03\/IMG_0767-768x576.jpeg 768w\" sizes=\"auto, (max-width: 706px) 89vw, (max-width: 767px) 82vw, 740px\" \/><\/figure>\n\n\n\n<figure class=\"wp-block-image size-large\"><img loading=\"lazy\" decoding=\"async\" width=\"1024\" height=\"768\" data-id=\"8201\" src=\"https:\/\/125-oberschule.de\/wp-content\/uploads\/2024\/03\/IMG_0785-1024x768.jpeg\" alt=\"Bildungsreise 2024 Krakau 2023\/24\" class=\"wp-image-8201\" srcset=\"https:\/\/125-oberschule.de\/wp-content\/uploads\/2024\/03\/IMG_0785-1024x768.jpeg 1024w, https:\/\/125-oberschule.de\/wp-content\/uploads\/2024\/03\/IMG_0785-1536x1152.jpeg 1536w, https:\/\/125-oberschule.de\/wp-content\/uploads\/2024\/03\/IMG_0785-2048x1536.jpeg 2048w, https:\/\/125-oberschule.de\/wp-content\/uploads\/2024\/03\/IMG_0785-300x225.jpeg 300w, https:\/\/125-oberschule.de\/wp-content\/uploads\/2024\/03\/IMG_0785-768x576.jpeg 768w\" sizes=\"auto, (max-width: 706px) 89vw, (max-width: 767px) 82vw, 740px\" \/><\/figure>\n<\/figure>\n\n\n\n<p><\/p>\n\n\n\n<p class=\"has-large-font-size\"><strong>Tag 5<\/strong><\/p>\n\n\n\n<p>Heute sind wir mit der Bahn von Krakau nach Leipzig unterwegs. <\/p>\n","protected":false},"excerpt":{"rendered":"<p>Tag 1 Der erste Tag f\u00fchrte uns in das J\u00fcdische Viertel von Krakau. Wir besichtigten die Remuh- Synagoge und den dazugeh\u00f6rigen Friedhof. Bei der Exkursion folgten wir den Spuren von Tosia. Im Anschluss hatten wir ein Zeitzeugengespr\u00e4ch mit Monika Goldwasser, die uns mit ihrer Geschichte fesselte. Tag 2 Heute wurden die ersten Vortr\u00e4ge gehalten, dabei &hellip; <\/p>\n<p class=\"link-more\"><a href=\"https:\/\/125-oberschule.de\/?p=8176\" class=\"more-link\"><span class=\"screen-reader-text\">\u201eBildungsreise 2024 Krakau 2023\/24\u201c <\/span>weiterlesen<\/a><\/p>\n","protected":false},"author":1,"featured_media":0,"comment_status":"closed","ping_status":"closed","sticky":true,"template":"","format":"standard","meta":{"_eb_attr":"","om_disable_all_campaigns":false,"footnotes":""},"categories":[18],"tags":[],"class_list":["post-8176","post","type-post","status-publish","format-standard","hentry","category-reise"],"_links":{"self":[{"href":"https:\/\/125-oberschule.de\/index.php?rest_route=\/wp\/v2\/posts\/8176","targetHints":{"allow":["GET"]}}],"collection":[{"href":"https:\/\/125-oberschule.de\/index.php?rest_route=\/wp\/v2\/posts"}],"about":[{"href":"https:\/\/125-oberschule.de\/index.php?rest_route=\/wp\/v2\/types\/post"}],"author":[{"embeddable":true,"href":"https:\/\/125-oberschule.de\/index.php?rest_route=\/wp\/v2\/users\/1"}],"replies":[{"embeddable":true,"href":"https:\/\/125-oberschule.de\/index.php?rest_route=%2Fwp%2Fv2%2Fcomments&post=8176"}],"version-history":[{"count":9,"href":"https:\/\/125-oberschule.de\/index.php?rest_route=\/wp\/v2\/posts\/8176\/revisions"}],"predecessor-version":[{"id":8379,"href":"https:\/\/125-oberschule.de\/index.php?rest_route=\/wp\/v2\/posts\/8176\/revisions\/8379"}],"wp:attachment":[{"href":"https:\/\/125-oberschule.de\/index.php?rest_route=%2Fwp%2Fv2%2Fmedia&parent=8176"}],"wp:term":[{"taxonomy":"category","embeddable":true,"href":"https:\/\/125-oberschule.de\/index.php?rest_route=%2Fwp%2Fv2%2Fcategories&post=8176"},{"taxonomy":"post_tag","embeddable":true,"href":"https:\/\/125-oberschule.de\/index.php?rest_route=%2Fwp%2Fv2%2Ftags&post=8176"}],"curies":[{"name":"wp","href":"https:\/\/api.w.org\/{rel}","templated":true}]}}