{"id":8385,"date":"2024-08-02T19:50:26","date_gmt":"2024-08-02T17:50:26","guid":{"rendered":"https:\/\/125-oberschule.de\/?p=8385"},"modified":"2024-08-02T20:04:44","modified_gmt":"2024-08-02T18:04:44","slug":"schuljahresbeginn-2024","status":"publish","type":"post","link":"https:\/\/125-oberschule.de\/?p=8385","title":{"rendered":"Schuljahresbeginn 2024"},"content":{"rendered":"\n<p>Sehr geehrte Eltern, liebe Sch\u00fcler und Sch\u00fclerinnen, <\/p>\n\n\n\n<p>das neue Schuljahr beginnt am Montag den 05.08.2024. Die Bauma\u00dfnahmen vor unserem Haus dauern noch an. Der Zugang zur Schule erfolgt wie im letzten Sch\u00fcljahr \u00fcber den Zugang der Oberschule auf der Heinrichstra\u00dfe 45.<\/p>\n\n\n\n<p><strong>Zugangsregelung erster Schultag:<\/strong><\/p>\n\n\n\n<p><strong>Klasse 6-10:<\/strong><\/p>\n\n\n\n<ul class=\"wp-block-list\">\n<li>wie gewohnt \u00fcber den Hof bis 7:45 Uhr<\/li>\n<\/ul>\n\n\n\n<p>Ende f\u00fcr Klasse 6-10  um 9:20 Uhr<\/p>\n\n\n\n<p><strong>Klasse 5: <\/strong><\/p>\n\n\n\n<ul class=\"wp-block-list\">\n<li> mit Eltern ab 7:50 Uhr \u00fcber den vorderen Eingang Heinrichstr. 45 <\/li>\n<\/ul>\n\n\n\n<p>Ende f\u00fcr Klasse 5 um 10:00 Uhr. <\/p>\n\n\n\n<figure class=\"wp-block-image size-large\"><img loading=\"lazy\" decoding=\"async\" width=\"1024\" height=\"574\" src=\"https:\/\/125-oberschule.de\/wp-content\/uploads\/2024\/08\/illustration-zum-schulstart-schulbeginn-fuer-die-schueler_cc-by-20-1024x574.jpg\" alt=\"Schuljahresbeginn 2024\" class=\"wp-image-8389\" srcset=\"https:\/\/125-oberschule.de\/wp-content\/uploads\/2024\/08\/illustration-zum-schulstart-schulbeginn-fuer-die-schueler_cc-by-20-1024x574.jpg 1024w, https:\/\/125-oberschule.de\/wp-content\/uploads\/2024\/08\/illustration-zum-schulstart-schulbeginn-fuer-die-schueler_cc-by-20-1536x861.jpg 1536w, https:\/\/125-oberschule.de\/wp-content\/uploads\/2024\/08\/illustration-zum-schulstart-schulbeginn-fuer-die-schueler_cc-by-20-2048x1148.jpg 2048w, https:\/\/125-oberschule.de\/wp-content\/uploads\/2024\/08\/illustration-zum-schulstart-schulbeginn-fuer-die-schueler_cc-by-20-300x168.jpg 300w, https:\/\/125-oberschule.de\/wp-content\/uploads\/2024\/08\/illustration-zum-schulstart-schulbeginn-fuer-die-schueler_cc-by-20-768x430.jpg 768w\" sizes=\"auto, (max-width: 706px) 89vw, (max-width: 767px) 82vw, 740px\" \/><\/figure>\n\n\n\n<p class=\"has-small-font-size\">Foto: Marco Verch \ud83e\udd16 \/&nbsp;<a href=\"https:\/\/ccnull.de\/index.php\" target=\"_blank\" rel=\"noreferrer noopener\">ccnull.de<\/a><\/p>\n\n\n\n<p><\/p>\n\n\n\n<p><\/p>\n","protected":false},"excerpt":{"rendered":"<p>Sehr geehrte Eltern, liebe Sch\u00fcler und Sch\u00fclerinnen, das neue Schuljahr beginnt am Montag den 05.08.2024. Die Bauma\u00dfnahmen vor unserem Haus dauern noch an. Der Zugang zur Schule erfolgt wie im letzten Sch\u00fcljahr \u00fcber den Zugang der Oberschule auf der Heinrichstra\u00dfe 45. Zugangsregelung erster Schultag: Klasse 6-10: Ende f\u00fcr Klasse 6-10 um 9:20 Uhr Klasse 5: &hellip; <\/p>\n<p class=\"link-more\"><a href=\"https:\/\/125-oberschule.de\/?p=8385\" class=\"more-link\"><span class=\"screen-reader-text\">\u201eSchuljahresbeginn 2024\u201c <\/span>weiterlesen<\/a><\/p>\n","protected":false},"author":1,"featured_media":0,"comment_status":"closed","ping_status":"closed","sticky":false,"template":"","format":"standard","meta":{"_eb_attr":"","om_disable_all_campaigns":false,"footnotes":""},"categories":[1,16],"tags":[],"class_list":["post-8385","post","type-post","status-publish","format-standard","hentry","category-allgemein","category-schulleitungsnews"],"_links":{"self":[{"href":"https:\/\/125-oberschule.de\/index.php?rest_route=\/wp\/v2\/posts\/8385","targetHints":{"allow":["GET"]}}],"collection":[{"href":"https:\/\/125-oberschule.de\/index.php?rest_route=\/wp\/v2\/posts"}],"about":[{"href":"https:\/\/125-oberschule.de\/index.php?rest_route=\/wp\/v2\/types\/post"}],"author":[{"embeddable":true,"href":"https:\/\/125-oberschule.de\/index.php?rest_route=\/wp\/v2\/users\/1"}],"replies":[{"embeddable":true,"href":"https:\/\/125-oberschule.de\/index.php?rest_route=%2Fwp%2Fv2%2Fcomments&post=8385"}],"version-history":[{"count":5,"href":"https:\/\/125-oberschule.de\/index.php?rest_route=\/wp\/v2\/posts\/8385\/revisions"}],"predecessor-version":[{"id":8393,"href":"https:\/\/125-oberschule.de\/index.php?rest_route=\/wp\/v2\/posts\/8385\/revisions\/8393"}],"wp:attachment":[{"href":"https:\/\/125-oberschule.de\/index.php?rest_route=%2Fwp%2Fv2%2Fmedia&parent=8385"}],"wp:term":[{"taxonomy":"category","embeddable":true,"href":"https:\/\/125-oberschule.de\/index.php?rest_route=%2Fwp%2Fv2%2Fcategories&post=8385"},{"taxonomy":"post_tag","embeddable":true,"href":"https:\/\/125-oberschule.de\/index.php?rest_route=%2Fwp%2Fv2%2Ftags&post=8385"}],"curies":[{"name":"wp","href":"https:\/\/api.w.org\/{rel}","templated":true}]}}