{"id":9238,"date":"2025-06-22T18:09:17","date_gmt":"2025-06-22T16:09:17","guid":{"rendered":"https:\/\/125-oberschule.de\/?p=9238"},"modified":"2025-06-22T18:33:35","modified_gmt":"2025-06-22T16:33:35","slug":"abschied","status":"publish","type":"post","link":"https:\/\/125-oberschule.de\/?p=9238","title":{"rendered":"Abschied"},"content":{"rendered":"\n<p>Abschied ist nicht nur ein Wort, sondern er symbolisiert auch immer den Beginn einer neuen Zeit.<\/p>\n\n\n\n<p>Am 20.06.2025 war es f\u00fcr die Lehrer und Lehrerinnen wieder einmal so weit, es wurde Abschied gefeiert. Nicht nur die Sch\u00fcler der Klasse 10 und 9 Hauptschule haben die Schule verlassen, sondern in diesem Jahr m\u00fcssen wir uns auch von unserem langj\u00e4hrigen Konrektor Herrn Schupke verabschieden.  Er geht in den wohlverdienten Ruhestand.<\/p>\n\n\n\n<figure class=\"wp-block-embed is-type-video is-provider-youtube wp-block-embed-youtube wp-embed-aspect-16-9 wp-has-aspect-ratio\"><div class=\"wp-block-embed__wrapper\">\n<div class=\"epyt-video-wrapper\"><iframe loading=\"lazy\"  style=\"display: block; margin: 0px auto;\"  id=\"_ytid_29857\"  width=\"525\" height=\"295\"  data-origwidth=\"525\" data-origheight=\"295\" src=\"https:\/\/www.youtube.com\/embed\/DibsXddwASU?enablejsapi=1&#038;rel=-1&#038;modestbranding=1&#038;autoplay=1&#038;cc_load_policy=0&#038;cc_lang_pref=&#038;iv_load_policy=1&#038;loop=1&#038;playlist=DibsXddwASU&#038;fs=1&#038;playsinline=1&#038;autohide=2&#038;theme=dark&#038;color=red&#038;controls=1&#038;\" class=\"__youtube_prefs__  epyt-is-override  no-lazyload\" title=\"YouTube player\"  allow=\"fullscreen; accelerometer; autoplay; clipboard-write; encrypted-media; gyroscope; picture-in-picture\" allowfullscreen data-no-lazy=\"1\" data-skipgform_ajax_framebjll=\"\"><\/iframe><\/div>\n<\/div><\/figure>\n","protected":false},"excerpt":{"rendered":"<p>Abschied ist nicht nur ein Wort, sondern er symbolisiert auch immer den Beginn einer neuen Zeit. Am 20.06.2025 war es f\u00fcr die Lehrer und Lehrerinnen wieder einmal so weit, es wurde Abschied gefeiert. Nicht nur die Sch\u00fcler der Klasse 10 und 9 Hauptschule haben die Schule verlassen, sondern in diesem Jahr m\u00fcssen wir uns auch &hellip; <\/p>\n<p class=\"link-more\"><a href=\"https:\/\/125-oberschule.de\/?p=9238\" class=\"more-link\"><span class=\"screen-reader-text\">\u201eAbschied\u201c <\/span>weiterlesen<\/a><\/p>\n","protected":false},"author":1,"featured_media":0,"comment_status":"closed","ping_status":"closed","sticky":false,"template":"","format":"standard","meta":{"_eb_attr":"","om_disable_all_campaigns":false,"footnotes":""},"categories":[1],"tags":[],"class_list":["post-9238","post","type-post","status-publish","format-standard","hentry","category-allgemein"],"_links":{"self":[{"href":"https:\/\/125-oberschule.de\/index.php?rest_route=\/wp\/v2\/posts\/9238","targetHints":{"allow":["GET"]}}],"collection":[{"href":"https:\/\/125-oberschule.de\/index.php?rest_route=\/wp\/v2\/posts"}],"about":[{"href":"https:\/\/125-oberschule.de\/index.php?rest_route=\/wp\/v2\/types\/post"}],"author":[{"embeddable":true,"href":"https:\/\/125-oberschule.de\/index.php?rest_route=\/wp\/v2\/users\/1"}],"replies":[{"embeddable":true,"href":"https:\/\/125-oberschule.de\/index.php?rest_route=%2Fwp%2Fv2%2Fcomments&post=9238"}],"version-history":[{"count":4,"href":"https:\/\/125-oberschule.de\/index.php?rest_route=\/wp\/v2\/posts\/9238\/revisions"}],"predecessor-version":[{"id":9245,"href":"https:\/\/125-oberschule.de\/index.php?rest_route=\/wp\/v2\/posts\/9238\/revisions\/9245"}],"wp:attachment":[{"href":"https:\/\/125-oberschule.de\/index.php?rest_route=%2Fwp%2Fv2%2Fmedia&parent=9238"}],"wp:term":[{"taxonomy":"category","embeddable":true,"href":"https:\/\/125-oberschule.de\/index.php?rest_route=%2Fwp%2Fv2%2Fcategories&post=9238"},{"taxonomy":"post_tag","embeddable":true,"href":"https:\/\/125-oberschule.de\/index.php?rest_route=%2Fwp%2Fv2%2Ftags&post=9238"}],"curies":[{"name":"wp","href":"https:\/\/api.w.org\/{rel}","templated":true}]}}