{"id":9311,"date":"2025-08-08T08:38:57","date_gmt":"2025-08-08T06:38:57","guid":{"rendered":"https:\/\/125-oberschule.de\/?p=9311"},"modified":"2025-08-08T09:01:18","modified_gmt":"2025-08-08T07:01:18","slug":"wichtige-informationen-zum-ersten-schultag-2025","status":"publish","type":"post","link":"https:\/\/125-oberschule.de\/?p=9311","title":{"rendered":"Wichtige Informationen zum Ersten Schultag 2025"},"content":{"rendered":"<div class=\"wp-block-image is-style-default\">\n<figure class=\"aligncenter size-medium\"><img loading=\"lazy\" decoding=\"async\" width=\"300\" height=\"200\" src=\"https:\/\/125-oberschule.de\/wp-content\/uploads\/2025\/08\/1095799_3901b41866d9ba1a1e76ed4242ee5dbe-300x200.jpg\" alt=\"Wichtige Informationen zum Ersten Schultag 2025\" class=\"wp-image-9317\" srcset=\"https:\/\/125-oberschule.de\/wp-content\/uploads\/2025\/08\/1095799_3901b41866d9ba1a1e76ed4242ee5dbe-300x200.jpg 300w, https:\/\/125-oberschule.de\/wp-content\/uploads\/2025\/08\/1095799_3901b41866d9ba1a1e76ed4242ee5dbe-768x512.jpg 768w, https:\/\/125-oberschule.de\/wp-content\/uploads\/2025\/08\/1095799_3901b41866d9ba1a1e76ed4242ee5dbe.jpg 1024w\" sizes=\"auto, (max-width: 300px) 100vw, 300px\" \/><figcaption class=\"wp-element-caption\">Fotograf: Marco Verch <strong>CC-BY 2.0<\/strong><\/figcaption><\/figure>\n<\/div>\n\n\n<p>Die Ferien neigen sich dem Ende und der Beginn des neuen Schuljahres r\u00fcckt n\u00e4her. Die Schule startet am Montag, 11.08.2025. <\/p>\n\n\n\n<ul class=\"wp-block-list\">\n<li class=\"has-medium-font-size\">Klasse 5: beginnt 8:00 Uhr in der Aula<\/li>\n\n\n\n<li class=\"has-medium-font-size\">Klassen 6-10:  Einlass Schulhof 7:35Uhr => Einlass Schulhaus 7:40Uhr <\/li>\n\n\n\n<li class=\"has-medium-font-size\">Neue Sch\u00fcler der Klassen 6-10 melden sich 7:40Uhr  am Sekretariat<\/li>\n<\/ul>\n\n\n\n<p class=\"has-theme-palette-1-color has-text-color has-link-color has-large-font-size wp-elements-390f33494acc7e86efd9d083b27cfa70\"><strong>Unterricht am ersten Schultag: <\/strong><\/p>\n\n\n\n<ul class=\"wp-block-list\">\n<li>Klasse 5:  bis ca. 10:00 Uhr <\/li>\n\n\n\n<li>Klassen 6-10: 1.\/2. Stunde<\/li>\n<\/ul>\n\n\n\n<p>Bitte beachten, da es eine Lieferverz\u00f6gerung bei den Schulb\u00fccher gibt, werden diese erst gegen Ende der Woche, voraussichtlich am Donnerstag, ausgegeben. <\/p>\n\n\n\n<p>Wir freuen uns auf ein spannendes und erfolgreiches Schuljahr.  <\/p>\n\n\n\n<p>Das Team der 125. Oberschule<\/p>\n","protected":false},"excerpt":{"rendered":"<p>Die Ferien neigen sich dem Ende und der Beginn des neuen Schuljahres r\u00fcckt n\u00e4her. Die Schule startet am Montag, 11.08.2025. Unterricht am ersten Schultag: Bitte beachten, da es eine Lieferverz\u00f6gerung bei den Schulb\u00fccher gibt, werden diese erst gegen Ende der Woche, voraussichtlich am Donnerstag, ausgegeben. Wir freuen uns auf ein spannendes und erfolgreiches Schuljahr. Das &hellip; <\/p>\n<p class=\"link-more\"><a href=\"https:\/\/125-oberschule.de\/?p=9311\" class=\"more-link\"><span class=\"screen-reader-text\">\u201eWichtige Informationen zum Ersten Schultag 2025\u201c <\/span>weiterlesen<\/a><\/p>\n","protected":false},"author":1,"featured_media":0,"comment_status":"closed","ping_status":"closed","sticky":false,"template":"","format":"standard","meta":{"_eb_attr":"","om_disable_all_campaigns":false,"footnotes":""},"categories":[1,16],"tags":[],"class_list":["post-9311","post","type-post","status-publish","format-standard","hentry","category-allgemein","category-schulleitungsnews"],"_links":{"self":[{"href":"https:\/\/125-oberschule.de\/index.php?rest_route=\/wp\/v2\/posts\/9311","targetHints":{"allow":["GET"]}}],"collection":[{"href":"https:\/\/125-oberschule.de\/index.php?rest_route=\/wp\/v2\/posts"}],"about":[{"href":"https:\/\/125-oberschule.de\/index.php?rest_route=\/wp\/v2\/types\/post"}],"author":[{"embeddable":true,"href":"https:\/\/125-oberschule.de\/index.php?rest_route=\/wp\/v2\/users\/1"}],"replies":[{"embeddable":true,"href":"https:\/\/125-oberschule.de\/index.php?rest_route=%2Fwp%2Fv2%2Fcomments&post=9311"}],"version-history":[{"count":4,"href":"https:\/\/125-oberschule.de\/index.php?rest_route=\/wp\/v2\/posts\/9311\/revisions"}],"predecessor-version":[{"id":9319,"href":"https:\/\/125-oberschule.de\/index.php?rest_route=\/wp\/v2\/posts\/9311\/revisions\/9319"}],"wp:attachment":[{"href":"https:\/\/125-oberschule.de\/index.php?rest_route=%2Fwp%2Fv2%2Fmedia&parent=9311"}],"wp:term":[{"taxonomy":"category","embeddable":true,"href":"https:\/\/125-oberschule.de\/index.php?rest_route=%2Fwp%2Fv2%2Fcategories&post=9311"},{"taxonomy":"post_tag","embeddable":true,"href":"https:\/\/125-oberschule.de\/index.php?rest_route=%2Fwp%2Fv2%2Ftags&post=9311"}],"curies":[{"name":"wp","href":"https:\/\/api.w.org\/{rel}","templated":true}]}}