{"id":9613,"date":"2025-11-11T18:11:31","date_gmt":"2025-11-11T17:11:31","guid":{"rendered":"https:\/\/125-oberschule.de\/?p=9613"},"modified":"2025-11-11T18:24:48","modified_gmt":"2025-11-11T17:24:48","slug":"9-november-1939-schicksalstag","status":"publish","type":"post","link":"https:\/\/125-oberschule.de\/?p=9613","title":{"rendered":"9. November 1939 &#8211; Schicksalstag"},"content":{"rendered":"\n<p class=\"has-small-font-size\">Dieses Datum steht f\u00fcr eines der dunkelsten Kapitel in  der deutschen Geschichte. W\u00e4hrend der &nbsp;Reichsprogromnacht&nbsp;brannten Synagogen und j\u00fcdische Gesch\u00e4fte. Diese Aktion steht f\u00fcr den Antisemitismus in Deutschland und den Beginn der Verfolgung und Ermordung eines gro\u00dfen Teils der europ\u00e4ischen Juden. <\/p>\n\n\n\n<p class=\"has-medium-font-size\">Seit mehr als 10 Jahren nutzen Sch\u00fcler der 9. Klasse diesen Tag, um an dieses historische Ereignis zu erinnern. Mit einem kleinen Programm am Stolperstein von Herrn Paul Isenstein gedachten sie der Ermordung und Verfolgung der Juden.<\/p>\n\n\n\n<figure class=\"wp-block-image size-large\"><img loading=\"lazy\" decoding=\"async\" width=\"768\" height=\"1024\" src=\"https:\/\/125-oberschule.de\/wp-content\/uploads\/2025\/11\/IMG20251109111618-768x1024.jpg\" alt=\"9. November 1939 - Schicksalstag\" class=\"wp-image-9614\" srcset=\"https:\/\/125-oberschule.de\/wp-content\/uploads\/2025\/11\/IMG20251109111618-768x1024.jpg 768w, https:\/\/125-oberschule.de\/wp-content\/uploads\/2025\/11\/IMG20251109111618-1152x1536.jpg 1152w, https:\/\/125-oberschule.de\/wp-content\/uploads\/2025\/11\/IMG20251109111618-1536x2048.jpg 1536w, https:\/\/125-oberschule.de\/wp-content\/uploads\/2025\/11\/IMG20251109111618-225x300.jpg 225w, https:\/\/125-oberschule.de\/wp-content\/uploads\/2025\/11\/IMG20251109111618-scaled.jpg 1920w\" sizes=\"auto, (max-width: 706px) 89vw, (max-width: 767px) 82vw, 740px\" \/><\/figure>\n\n\n\n<p>Foto: SyWy 2025<\/p>\n\n\n\n<p><\/p>\n","protected":false},"excerpt":{"rendered":"<p>Dieses Datum steht f\u00fcr eines der dunkelsten Kapitel in der deutschen Geschichte. W\u00e4hrend der &nbsp;Reichsprogromnacht&nbsp;brannten Synagogen und j\u00fcdische Gesch\u00e4fte. Diese Aktion steht f\u00fcr den Antisemitismus in Deutschland und den Beginn der Verfolgung und Ermordung eines gro\u00dfen Teils der europ\u00e4ischen Juden. Seit mehr als 10 Jahren nutzen Sch\u00fcler der 9. Klasse diesen Tag, um an dieses &hellip; <\/p>\n<p class=\"link-more\"><a href=\"https:\/\/125-oberschule.de\/?p=9613\" class=\"more-link\"><span class=\"screen-reader-text\">\u201e9. November 1939 &#8211; Schicksalstag\u201c <\/span>weiterlesen<\/a><\/p>\n","protected":false},"author":1,"featured_media":0,"comment_status":"closed","ping_status":"closed","sticky":false,"template":"","format":"standard","meta":{"_eb_attr":"","om_disable_all_campaigns":false,"footnotes":""},"categories":[1],"tags":[],"class_list":["post-9613","post","type-post","status-publish","format-standard","hentry","category-allgemein"],"_links":{"self":[{"href":"https:\/\/125-oberschule.de\/index.php?rest_route=\/wp\/v2\/posts\/9613","targetHints":{"allow":["GET"]}}],"collection":[{"href":"https:\/\/125-oberschule.de\/index.php?rest_route=\/wp\/v2\/posts"}],"about":[{"href":"https:\/\/125-oberschule.de\/index.php?rest_route=\/wp\/v2\/types\/post"}],"author":[{"embeddable":true,"href":"https:\/\/125-oberschule.de\/index.php?rest_route=\/wp\/v2\/users\/1"}],"replies":[{"embeddable":true,"href":"https:\/\/125-oberschule.de\/index.php?rest_route=%2Fwp%2Fv2%2Fcomments&post=9613"}],"version-history":[{"count":5,"href":"https:\/\/125-oberschule.de\/index.php?rest_route=\/wp\/v2\/posts\/9613\/revisions"}],"predecessor-version":[{"id":9619,"href":"https:\/\/125-oberschule.de\/index.php?rest_route=\/wp\/v2\/posts\/9613\/revisions\/9619"}],"wp:attachment":[{"href":"https:\/\/125-oberschule.de\/index.php?rest_route=%2Fwp%2Fv2%2Fmedia&parent=9613"}],"wp:term":[{"taxonomy":"category","embeddable":true,"href":"https:\/\/125-oberschule.de\/index.php?rest_route=%2Fwp%2Fv2%2Fcategories&post=9613"},{"taxonomy":"post_tag","embeddable":true,"href":"https:\/\/125-oberschule.de\/index.php?rest_route=%2Fwp%2Fv2%2Ftags&post=9613"}],"curies":[{"name":"wp","href":"https:\/\/api.w.org\/{rel}","templated":true}]}}